{"id":444,"date":"2012-02-25T08:38:13","date_gmt":"2012-02-25T07:38:13","guid":{"rendered":"http:\/\/www.alltagsdschungel.de\/wordpress\/?p=444"},"modified":"2012-02-25T09:27:53","modified_gmt":"2012-02-25T08:27:53","slug":"aber-wurden-wir-das-nicht-alle-tun","status":"publish","type":"post","link":"https:\/\/www.alltagsdschungel.de\/?p=444","title":{"rendered":"Aber w\u00fcrden wir das nicht alle tun?"},"content":{"rendered":"<p>Herr Wulff ist ein Thema, das hoffentlich bald endg\u00fcltig abgeschlossen ist. Im Moment bewegt es die Gem\u00fcter aber noch. Monatelang hat er versucht uns mit Informationen in leicht verdaulichen H\u00e4ppchen abzuspeisen und die unangenehme Geschichte mit stoischem L\u00e4cheln und dem verletzten Blick eines waidwunden Rehs auszusitzen. Erst als die Staatsanwaltschaft die Aufhebung seiner Immunit\u00e4t beantragte, hat er sich entschlossen, zur\u00fcck zu treten. Sp\u00e4t, meiner Meinung nach zu sp\u00e4t. Ein Politiker, gegen den wegen Bestechlichkeit ermittelt wird an der Spitze des Staates? Das war endg\u00fcltig zu viel.<\/p>\n<p>Trotzdem stehen immer noch viele B\u00fcrger zu und hinter ihm. \u201eAber als Pr\u00e4sident war er doch gut\u201c sagte eine Kundin zu mir. Wieso \u201eaber\u201c? Konnte der sich aufspalten? In den Teil \u201ebestechlicher Ministerpr\u00e4sident\u201c der abgekoppelt vom aufrichtigen Bundespr\u00e4sidenten war? Er konnte repr\u00e4sentieren und die richtigen Worte im richtigen Moment sagen, viel mehr muss ein Bundespr\u00e4sident nicht k\u00f6nnen, er hat ja keine Regierungsverantwortung. Glaubw\u00fcrdig vertreten konnte er die sch\u00f6nen Worte allerdings nicht mehr. Ohnehin schon ohne wirkliche politische Verantwortung war er dann nur noch eine Puppe auf dem Pr\u00e4sidentenstuhl.<\/p>\n<p>\u201eDas war doch nur eine Pressekampagne gegen ihn, eine fiese Hetzkampagne!\u201c meint eine andere Kundin. Ja, die Presse ist durchaus Grund und Ausl\u00f6ser f\u00fcr seinen R\u00fccktritt. Mit seinem Anruf bei Herrn Diekmann hat er sie gegen sich aufgebracht. Ohne jeden Zweifel sind da aber sehr seltsame Sachen passiert: Kredite, Urlaube, Bar-R\u00fcckzahlungen&#8230;. h\u00e4tte das lieber weiter verborgen bleiben sollen? Wir m\u00fcssen uns schon entscheiden, ob wir eine freie Presse wollen oder nicht. Ich m\u00f6chte sie frei, auch dann, wenn sie gelegentlich unangenehm wird. Gelegentlich konnte einem Herr Wulff dabei schon leid tun. Pers\u00f6nlich kann ich seine Verletztheit, seinen Schmerz und seine Wut durchaus nachvollziehen. Das \u00e4ndert aber nichts daran, was er getan hat, und davon h\u00e4tten wir ohne die intensiven Recherchen der Presse vermutlich nie etwas erfahren.<\/p>\n<p>\u201eMal ehrlich, wir w\u00fcrden doch auch einen Urlaub annehmen, wenn wir ihn geschenkt bekommen w\u00fcrden!\u201c. Das war ebenfalls ein Argument. Die Kundin hat ohne jeden Zweifel recht: wenn mir jemand einen Urlaub schenken w\u00fcrde, w\u00fcrde ich ihn vermutlich annehmen. Der Unterschied liegt in der zu erwartenden Gegenleistung. Was k\u00f6nnte ein Urlaubs-Verschenker von mir erwarten? Kostenlose Fu\u00dfpflege? Ohja, kein Problem, da w\u00e4re ich dabei! Das k\u00f6nnte nat\u00fcrlich wieder das Finanzamt auf den Plan rufen: geldwerte Leistungen, unversteuert und so. Deshalb gleich die schlechte Nachricht hinterher: Liebes Finanzamt, zu meinem gro\u00dfen Bedauern hat mir noch nie jemand einen Urlaub geschenkt. Auch nicht gegen Gratis-Fu\u00dfpflege. Das ist doch die wahre Schweinerei: warum bekommt der einen Urlaub und ich nicht? Ach, genau, weil ich keine gro\u00dfen Wirtschaftsprojekte durchwinken kann.<\/p>\n<p>Schlimm ist nicht, dass Herr Wulff in den Urlaub gefahren ist. Schlimm ist, dass man davon ausgehen kann, dass er daf\u00fcr eine Gegenleistung erbringen sollte. Der Geber erwartet, dass er als Gegenleistung bei dem Politiker ein offenes Ohr f\u00fcr seine W\u00fcnsche findet. Das wiederum bedeutet, dass ein Politiker, der dem Wohl des Volkes verpflichtet ist, denn von diesem ist er gew\u00e4hlt, mehr auf das Wohl einzelner Personen und einzelner wirtschaftlicher Unternehmen schauen wird, m\u00f6glicherweise auch zum Schaden des Volkes, das ihn gew\u00e4hlt hat. Er verpflichtet sich der Wirtschaft mehr, als der Gesellschaft.<\/p>\n<p>Kaum hatte Herr Wulff die letzten Worte seiner R\u00fccktrittsrede gesprochen und sich auf den Weg zur\u00fcck nach Hause, nach Gro\u00dfburgwedel begeben, folgte die unvermeidliche Nachfolge-Diskussion. Jeder wollte und konnte einen tollen m\u00f6glichen Pr\u00e4sidenten beitragen. Da waren durchaus skurrile Vorschl\u00e4ge dabei. M\u00f6chten wir wirklich einen Kabarettisten als Bundespr\u00e4sidenten? Wenn nicht, warum sollten wir ihn vorschlagen? Auch gut: Marion K\u00e4\u00dfmann als Bundespr\u00e4sidentin. Begr\u00fcndung: sie hat bereits bewiesen, dass sie wei\u00df, wann man von einem Amt zur\u00fcck treten muss. Oh, prima, das ist ja ein tolles Qualit\u00e4tsmerkmal f\u00fcr das h\u00f6chste Amt im Staat: der Amtsinhaber wei\u00df, wann er seinen Stuhl zu r\u00e4umen hat.<\/p>\n","protected":false},"excerpt":{"rendered":"<p>Herr Wulff ist ein Thema, das hoffentlich bald endg\u00fcltig abgeschlossen ist. Im Moment bewegt es die Gem\u00fcter aber noch. Monatelang hat er versucht uns mit Informationen in leicht verdaulichen H\u00e4ppchen abzuspeisen und die unangenehme Geschichte mit stoischem L\u00e4cheln und dem verletzten Blick eines waidwunden Rehs auszusitzen. Erst als die Staatsanwaltschaft&#8230; <a class=\"continue-reading-link\" href=\"https:\/\/www.alltagsdschungel.de\/?p=444\"> Continue reading <span class=\"meta-nav\">&rarr; <\/span><\/a><\/p>\n","protected":false},"author":1,"featured_media":0,"comment_status":"open","ping_status":"open","sticky":false,"template":"","format":"standard","meta":{"ngg_post_thumbnail":0,"footnotes":""},"categories":[1],"tags":[71],"class_list":["post-444","post","type-post","status-publish","format-standard","hentry","category-allgemein","tag-politik"],"_links":{"self":[{"href":"https:\/\/www.alltagsdschungel.de\/index.php?rest_route=\/wp\/v2\/posts\/444","targetHints":{"allow":["GET"]}}],"collection":[{"href":"https:\/\/www.alltagsdschungel.de\/index.php?rest_route=\/wp\/v2\/posts"}],"about":[{"href":"https:\/\/www.alltagsdschungel.de\/index.php?rest_route=\/wp\/v2\/types\/post"}],"author":[{"embeddable":true,"href":"https:\/\/www.alltagsdschungel.de\/index.php?rest_route=\/wp\/v2\/users\/1"}],"replies":[{"embeddable":true,"href":"https:\/\/www.alltagsdschungel.de\/index.php?rest_route=%2Fwp%2Fv2%2Fcomments&post=444"}],"version-history":[{"count":2,"href":"https:\/\/www.alltagsdschungel.de\/index.php?rest_route=\/wp\/v2\/posts\/444\/revisions"}],"predecessor-version":[{"id":447,"href":"https:\/\/www.alltagsdschungel.de\/index.php?rest_route=\/wp\/v2\/posts\/444\/revisions\/447"}],"wp:attachment":[{"href":"https:\/\/www.alltagsdschungel.de\/index.php?rest_route=%2Fwp%2Fv2%2Fmedia&parent=444"}],"wp:term":[{"taxonomy":"category","embeddable":true,"href":"https:\/\/www.alltagsdschungel.de\/index.php?rest_route=%2Fwp%2Fv2%2Fcategories&post=444"},{"taxonomy":"post_tag","embeddable":true,"href":"https:\/\/www.alltagsdschungel.de\/index.php?rest_route=%2Fwp%2Fv2%2Ftags&post=444"}],"curies":[{"name":"wp","href":"https:\/\/api.w.org\/{rel}","templated":true}]}}