{"id":412,"date":"2012-01-16T23:16:51","date_gmt":"2012-01-16T22:16:51","guid":{"rendered":"http:\/\/www.alltagsdschungel.de\/wordpress\/?p=412"},"modified":"2012-01-16T23:26:33","modified_gmt":"2012-01-16T22:26:33","slug":"winter","status":"publish","type":"post","link":"https:\/\/www.alltagsdschungel.de\/?p=412","title":{"rendered":"Winter?!"},"content":{"rendered":"<p><a href=\"http:\/\/www.alltagsdschungel.de\/wordpress\/2012\/01\/winter\/winter_1\/\" rel=\"attachment wp-att-413\"><img loading=\"lazy\" decoding=\"async\" class=\"alignleft size-full wp-image-413\" title=\"winter_1\" src=\"http:\/\/www.alltagsdschungel.de\/wordpress\/wp-content\/uploads\/2012\/01\/winter_1.jpg\" alt=\"Hund im Winter - kein Schnee, aber es sieht weiss aus\" width=\"410\" height=\"307\" srcset=\"https:\/\/www.alltagsdschungel.de\/wp-content\/uploads\/2012\/01\/winter_1.jpg 410w, https:\/\/www.alltagsdschungel.de\/wp-content\/uploads\/2012\/01\/winter_1-300x224.jpg 300w\" sizes=\"auto, (max-width: 410px) 100vw, 410px\" \/><\/a>Wir waren fassungslos, als wir heute morgen zur T\u00fcr hinaus getreten sind, mein Hund und ich. Zum ersten Mal in diesem Jahr und gef\u00fchlt \u00fcberhaupt das erste Mal in diesem Winter war es kalt. Unglaubliche, frostige minus vier Grad betrug die Temperatur zu Beginn unsere Morgenspaziergangs. Auf den Felder lag Reif, dabei schien die Sonne und es f\u00fchlte sich nicht nur winterlich an, es sah auch so aus. Wir sind genau in den Sonnenaufgang gelaufen, es war wundersch\u00f6n \u2013 aber wir waren doch leicht verwirrt. Auch Thales hatte damit einfach nicht gerechnet, es war ganz ungewohnt f\u00fcr dieses Jahr. Bisher hat sich dieser Winter hier bei uns ja nicht unbedingt mit Ruhm bekleckert: es war meistens zu warm, ich wei\u00df gar nicht mehr, wann der letzte Frost war. Zus\u00e4tzlich war es auch noch nass. Nat\u00fcrlich kein Schnee, sondern gemeiner Regen, der alles aufweichte und die Stimmung verd\u00fcsterte.<a href=\"http:\/\/www.alltagsdschungel.de\/wordpress\/2012\/01\/winter\/winter_2\/\" rel=\"attachment wp-att-419\"><img loading=\"lazy\" decoding=\"async\" class=\"alignleft size-full wp-image-419\" title=\"winter_2\" src=\"http:\/\/www.alltagsdschungel.de\/wordpress\/wp-content\/uploads\/2012\/01\/winter_2.jpg\" alt=\"Winter-Detailaufnahme von bereiften Gr\u00e4sern\" width=\"400\" height=\"300\" srcset=\"https:\/\/www.alltagsdschungel.de\/wp-content\/uploads\/2012\/01\/winter_2.jpg 400w, https:\/\/www.alltagsdschungel.de\/wp-content\/uploads\/2012\/01\/winter_2-300x225.jpg 300w\" sizes=\"auto, (max-width: 400px) 100vw, 400px\" \/><\/a><\/p>\n<p>Unerwartet hat es dann heute Nachmittag auch noch angefangen zu schneien. Das war dann allerdings wieder sehr typisch f\u00fcr diesen Winter: nach drei sch\u00fcchternen Flocken war es schon wieder vorbei mit der winterlichen Pracht. Der kurze Anflug von Winter scheint sich auch schon wieder zur\u00fcck gezogen zu haben: um 23 Uhr noch ein Grad Plus \u2013 na das kann nix werden. Schade eigentlich, so ein bisschen Wintersonne, klare Luft und Frost w\u00e4re jetzt schon sch\u00f6n. Schnee brauche ich gar nicht unbedingt, der macht nur Arbeit, ich muss ja daf\u00fcr sorgen, dass meine Kunden unfallfrei zu mir kommen.<a href=\"http:\/\/www.alltagsdschungel.de\/wordpress\/2012\/01\/winter\/winter3\/\" rel=\"attachment wp-att-420\"><img loading=\"lazy\" decoding=\"async\" class=\"alignleft size-full wp-image-420\" title=\"winter3\" src=\"http:\/\/www.alltagsdschungel.de\/wordpress\/wp-content\/uploads\/2012\/01\/winter3.jpg\" alt=\"Winterlicher Baum vor blauem Himmel\" width=\"400\" height=\"300\" srcset=\"https:\/\/www.alltagsdschungel.de\/wp-content\/uploads\/2012\/01\/winter3.jpg 400w, https:\/\/www.alltagsdschungel.de\/wp-content\/uploads\/2012\/01\/winter3-300x225.jpg 300w\" sizes=\"auto, (max-width: 400px) 100vw, 400px\" \/><\/a><\/p>\n","protected":false},"excerpt":{"rendered":"<p>Wir waren fassungslos, als wir heute morgen zur T\u00fcr hinaus getreten sind, mein Hund und ich. Zum ersten Mal in diesem Jahr und gef\u00fchlt \u00fcberhaupt das erste Mal in diesem Winter war es kalt. Unglaubliche, frostige minus vier Grad betrug die Temperatur zu Beginn unsere Morgenspaziergangs. Auf den Felder lag&#8230; <a class=\"continue-reading-link\" href=\"https:\/\/www.alltagsdschungel.de\/?p=412\"> Continue reading <span class=\"meta-nav\">&rarr; <\/span><\/a><\/p>\n","protected":false},"author":1,"featured_media":0,"comment_status":"open","ping_status":"open","sticky":false,"template":"","format":"standard","meta":{"ngg_post_thumbnail":0,"footnotes":""},"categories":[1],"tags":[],"class_list":["post-412","post","type-post","status-publish","format-standard","hentry","category-allgemein"],"_links":{"self":[{"href":"https:\/\/www.alltagsdschungel.de\/index.php?rest_route=\/wp\/v2\/posts\/412","targetHints":{"allow":["GET"]}}],"collection":[{"href":"https:\/\/www.alltagsdschungel.de\/index.php?rest_route=\/wp\/v2\/posts"}],"about":[{"href":"https:\/\/www.alltagsdschungel.de\/index.php?rest_route=\/wp\/v2\/types\/post"}],"author":[{"embeddable":true,"href":"https:\/\/www.alltagsdschungel.de\/index.php?rest_route=\/wp\/v2\/users\/1"}],"replies":[{"embeddable":true,"href":"https:\/\/www.alltagsdschungel.de\/index.php?rest_route=%2Fwp%2Fv2%2Fcomments&post=412"}],"version-history":[{"count":7,"href":"https:\/\/www.alltagsdschungel.de\/index.php?rest_route=\/wp\/v2\/posts\/412\/revisions"}],"predecessor-version":[{"id":422,"href":"https:\/\/www.alltagsdschungel.de\/index.php?rest_route=\/wp\/v2\/posts\/412\/revisions\/422"}],"wp:attachment":[{"href":"https:\/\/www.alltagsdschungel.de\/index.php?rest_route=%2Fwp%2Fv2%2Fmedia&parent=412"}],"wp:term":[{"taxonomy":"category","embeddable":true,"href":"https:\/\/www.alltagsdschungel.de\/index.php?rest_route=%2Fwp%2Fv2%2Fcategories&post=412"},{"taxonomy":"post_tag","embeddable":true,"href":"https:\/\/www.alltagsdschungel.de\/index.php?rest_route=%2Fwp%2Fv2%2Ftags&post=412"}],"curies":[{"name":"wp","href":"https:\/\/api.w.org\/{rel}","templated":true}]}}