{"id":1079,"date":"2022-04-22T19:07:48","date_gmt":"2022-04-22T17:07:48","guid":{"rendered":"https:\/\/www.alltagsdschungel.de\/?p=1079"},"modified":"2022-04-22T19:07:50","modified_gmt":"2022-04-22T17:07:50","slug":"earth-day","status":"publish","type":"post","link":"https:\/\/www.alltagsdschungel.de\/?p=1079","title":{"rendered":"Earth day"},"content":{"rendered":"\n<p>Vor dem Fenster im Arbeitszimmer steht ein Flieder. Gerade jetzt schickt er sich wieder an zu bl\u00fchen. In ein paar Tagen wird es soweit sein. Der Flieder verzaubert mich jedes Jahr. <\/p>\n\n\n\n<p>Am Stall ist der Fr\u00fchling eingezogen. Die Decken sind weggepackt, die Pferde verlieren das Winterfell in b\u00fcscheln und bald beginnt schon die Weidesaison. Der Stall wird nicht mehr lange bleiben, das Gebiet, auf dem er steht, ist seit Jahren &#8222;Bauerwartungsland&#8220;. Langsam werden die Pl\u00e4ne f\u00fcr die Bebauung konkret. F\u00fcr einen kleinen Pferdestall in privater Hand mit Weiden ist dort dann kein Platz mehr. Das Grundst\u00fcck wird gebraucht, f\u00fcr mehr H\u00e4user. Reihenh\u00e4user mit jeweils einem handtuchgro\u00dfen Garten werden dann dort stehen, wo jetzt noch Pferde unter teils schon recht alten B\u00e4umen d\u00f6sen, Zaunk\u00f6nige im Stall ein Nest bauen und Bienen und Hummeln summen.<\/p>\n\n\n\n<p>&#8222;Aber wir brauchen den Wohnraum!&#8220; &#8211; Zugegeben, ein Pferdestall in der Stadt, das ist exotisch. Es herrscht Wohnungsnot, die Mieten werden auch immer teuerer, da muss bebaut werden, was bebaut werden kann. Gegen die explodierenden Mieten helfen Reihenh\u00e4user allerdings kein St\u00fcck weit, gegen Wohnungsnot auch nur sehr bedingt. <\/p>\n\n\n\n<p>Wir muten der Erde ganz sch\u00f6n viel zu. Wir bauen und pflastern sie zu, lassen unseren M\u00fcll \u00fcberall liegen (oder kippen ihn ins Meer) und verbrauchen ihre Rohstoffe in rasendem Tempo. \u00d6l, Gas, Kohle, aber auch Holz &#8211; was auch immer die Natur uns bietet, raffen wir mit vollen Armen an uns, verbrennen es, pusten die entstehenden Abgase in die Atmosph\u00e4re und haben uns \u00fcber viele Jahrtausende kein bisschen darum gek\u00fcmmert, was das bedeuten wird. Saubere Luft und klares Wasser sind f\u00fcr uns genauso selbstverst\u00e4ndlich, wie die Tatsache, dass die Natur all das, was wir da so auf ihr und mit ihr anrichten, schon irgendwie ausgleichen und aufr\u00e4umen wird. <\/p>\n\n\n\n<p>Lange haben wir nicht wahr genommen, dass es so nicht weiter geht. Inzwischen sind die Anzeichen aber so deutlich, dass die meisten Menschen und sogar die meisten Politiker die Augen nicht mehr davor verschlie\u00dfen k\u00f6nnen und so gibt es zumindest erste Schritte und weitere Planungen, um das Schlimmste so weit m\u00f6glich noch zu verhindern. Corona und der Krieg in der Ukraine drohen diese Schritte in weiten Teilen wieder zunichte zu machen. Der Mensch ist nicht daf\u00fcr gebaut, langfristig zu denken, er sieht nur, was vor ihm liegt. Ein Schritt nach dem anderen, eine Krise nach der anderen &#8211; das wird in diesem Fall nicht funktionieren. Daf\u00fcr stecken wir in der Klimakrise schon viel zu tief drin. <\/p>\n\n\n\n<p>&#8222;Umweltschutz muss man sich leisten k\u00f6nnen&#8220;? Was wir uns schon lange nicht mehr leisten k\u00f6nnen, ist zu wenig Umweltschutz, zu wenig Klimaschutz, zu viel Raubbau an der Erde. Die Kosten daf\u00fcr sind jetzt schon extrem hoch und sie steigen immer weiter. Viel zu lange haben wir es uns geleistet, wegzuschauen. <\/p>\n","protected":false},"excerpt":{"rendered":"<p>Vor dem Fenster im Arbeitszimmer steht ein Flieder. Gerade jetzt schickt er sich wieder an zu bl\u00fchen. In ein paar Tagen wird es soweit sein. Der Flieder verzaubert mich jedes Jahr. Am Stall ist der Fr\u00fchling eingezogen. Die Decken sind weggepackt, die Pferde verlieren das Winterfell in b\u00fcscheln und bald&#8230; <a class=\"continue-reading-link\" href=\"https:\/\/www.alltagsdschungel.de\/?p=1079\"> Continue reading <span class=\"meta-nav\">&rarr; <\/span><\/a><\/p>\n","protected":false},"author":1,"featured_media":1080,"comment_status":"open","ping_status":"open","sticky":false,"template":"","format":"standard","meta":{"ngg_post_thumbnail":0,"footnotes":""},"categories":[1],"tags":[197,196,198],"class_list":["post-1079","post","type-post","status-publish","format-standard","has-post-thumbnail","hentry","category-allgemein","tag-earth-day","tag-klimakrise","tag-pferde"],"_links":{"self":[{"href":"https:\/\/www.alltagsdschungel.de\/index.php?rest_route=\/wp\/v2\/posts\/1079","targetHints":{"allow":["GET"]}}],"collection":[{"href":"https:\/\/www.alltagsdschungel.de\/index.php?rest_route=\/wp\/v2\/posts"}],"about":[{"href":"https:\/\/www.alltagsdschungel.de\/index.php?rest_route=\/wp\/v2\/types\/post"}],"author":[{"embeddable":true,"href":"https:\/\/www.alltagsdschungel.de\/index.php?rest_route=\/wp\/v2\/users\/1"}],"replies":[{"embeddable":true,"href":"https:\/\/www.alltagsdschungel.de\/index.php?rest_route=%2Fwp%2Fv2%2Fcomments&post=1079"}],"version-history":[{"count":1,"href":"https:\/\/www.alltagsdschungel.de\/index.php?rest_route=\/wp\/v2\/posts\/1079\/revisions"}],"predecessor-version":[{"id":1081,"href":"https:\/\/www.alltagsdschungel.de\/index.php?rest_route=\/wp\/v2\/posts\/1079\/revisions\/1081"}],"wp:featuredmedia":[{"embeddable":true,"href":"https:\/\/www.alltagsdschungel.de\/index.php?rest_route=\/wp\/v2\/media\/1080"}],"wp:attachment":[{"href":"https:\/\/www.alltagsdschungel.de\/index.php?rest_route=%2Fwp%2Fv2%2Fmedia&parent=1079"}],"wp:term":[{"taxonomy":"category","embeddable":true,"href":"https:\/\/www.alltagsdschungel.de\/index.php?rest_route=%2Fwp%2Fv2%2Fcategories&post=1079"},{"taxonomy":"post_tag","embeddable":true,"href":"https:\/\/www.alltagsdschungel.de\/index.php?rest_route=%2Fwp%2Fv2%2Ftags&post=1079"}],"curies":[{"name":"wp","href":"https:\/\/api.w.org\/{rel}","templated":true}]}}