{"id":1019,"date":"2020-04-12T10:00:00","date_gmt":"2020-04-12T08:00:00","guid":{"rendered":"https:\/\/www.alltagsdschungel.de\/?p=1019"},"modified":"2021-06-19T17:42:35","modified_gmt":"2021-06-19T15:42:35","slug":"corona-und-mehr","status":"publish","type":"post","link":"https:\/\/www.alltagsdschungel.de\/?p=1019","title":{"rendered":"Corona* und mehr"},"content":{"rendered":"\n<p>Original aus dem Mai 2020 &#8211; wegen nach wie vor bestehender Relevanz jetzt noch ver\u00f6ffentlicht.<\/p>\n\n\n\n<p>Jaaaaaa, Corona. Das ist sicherlich aktuell das beherrschende Thema in der \u00f6ffentlichen Diskussion. Noch vor 2 Monaten, h\u00e4tte ich mir nicht vorstellen k\u00f6nnen, wie radikal sich unser aller Leben in so kurzer Zeit ver\u00e4ndert w\u00fcrde. Es ist wirklich beeindruckend, was f\u00fcr umw\u00e4lzende Ma\u00dfnahmen ohne Wenn und Aber m\u00f6glich waren und sind, die sich so massiv auf das \u00f6ffentliche und private Leben aller Menschen auswirken und, nicht zu vergessen, auf die Wirtschaft &#8211; und das weltweit!  <\/p>\n\n\n\n<p>All das war innerhalb von kurzer Zeit m\u00f6glich, abgesehen von rechtlichen Bedenken wurden dabei auch wirtschaftliche Erw\u00e4gungen weitestgehend aus der Betrachtung ausgeschlossen: es geht schlie\u00dflich um Menschenleben. Und ja, da stehe ich vollst\u00e4ndig dahinter: Menschenleben sind in jedem Fall wichtiger, als Wirtschaftsunternehmen! Die Konsequenz muss uns aber auch klar sein: so ein Einschnitt geht nicht spurlos an der Wirtschaft vorbei, viele Unternehmen werden es nicht \u00fcberleben oder noch lange daran knabbern. Das kostet Arbeitspl\u00e4tze, es kostet Existenzen. Das sollte allen klar sein, ganz sicher ist es den Politikern klar, die die Entscheidungen treffen. <\/p>\n\n\n\n<p>Zur Klarstellung: ich m\u00f6chte an dieser Stelle ausdr\u00fccklich NICHT bewerten, ob die Ma\u00dfnahmen, wie sie jetzt gelten, angemessen, zu stark oder zu schwach sind, ob es Zeit ist, sie zu lockern oder zu versch\u00e4rfen, ob wir sie in dieser Form noch lange Zeit oder nur noch wenige Tage haben werden oder sollten. Das bespricht derzeit jeder einzelne (virtuelle) Stammtisch, da gibt es, egal mit welchem Standpunkt, nichts Neues mehr dazu zu sagen. <\/p>\n\n\n\n<p>Was ich an dieser Stelle vermisse, dass sind die dar\u00fcber hinaus gehenden Themen. Corona bedroht uns aktuell und akut, es ist absolut wichtig, dass wir uns jetzt damit auseinandersetzen. Es gibt aber eine Bedrohung, die ich in letzter Konsequent noch f\u00fcr weitaus gr\u00f6\u00dfer f\u00fcr die Menschheit und den gesamten Planeten halte: die Klimakrise. Diese ist nicht pl\u00f6tzlich verschwunden, als Corona in unser Blickfeld ger\u00fcckt ist. Sie setzt auch nicht aus, solange Corona den Ton angibt. Sie w\u00e4chst weiter, wird t\u00e4glich gr\u00f6\u00dfer und bedrohlicher. An einigen Stellen verschaffen wir der Natur und damit dem Klima gerade eine kleine Atempause, aber das reicht lange nicht aus, um den Klimawandel aufzuhalten. Trotzdem ist dieses Thema aus dem \u00f6ffentlichen Diskurs und aus der politischen Diskussion weitgehend verschwunden.<\/p>\n\n\n\n<p>Der Klimawandel wird die Wirtschaft auf jeden Fall sch\u00e4digen, den Komfort beeintr\u00e4chtigen und unz\u00e4hlige Menschenleben fordern. Schon deshalb m\u00fcssten wir mit gleicher Konsequenz wie bei der aktuellen Corona-Pandemie, Ma\u00dfnahmen beschlie\u00dfen und umsetzen. Aber noch haut uns der Klimawandel dazu nicht kr\u00e4ftig genug auf den Kopf &#8211; und wenn er es tut, wird es zu sp\u00e4t sein.<\/p>\n\n\n\n<p>Politisch vor Allem traurig: man h\u00f6rt auch von den Parteien, die sich dieses Themas normalerweise annehmen, aktuell nichts dazu. Unsere Wirtschaft steckt bereits mitten in einem Umbruch, vieles wird sich neu ordnen m\u00fcssen. Die Forderungen, das dann aber gleich klimavertr\u00e4glich anzugehen und Klimaschutz als ein Hauptziel zu definieren, ist aber nur von Initiativen wie <a href=\"https:\/\/www.germanzero.de\/\" target=\"_blank\" rel=\"noreferrer noopener\">GermanZero<\/a> zu h\u00f6ren. In Deutschland w\u00fcrde ich mir da gerade von den Gr\u00fcnen w\u00fcnschen, dass sie sich hier \u00e4u\u00dfern. Aber von denen ist aktuell praktisch  nichts zu h\u00f6ren. Tats\u00e4chlich kann ich weder einsch\u00e4tzen, wie sie zu den aktuellen Corona-Ma\u00dfnahmen stehen, noch, ob sie den Klimawandeln \u00fcberhaupt noch im Blick haben &#8211; man h\u00f6rt dazu schlicht Nichts. Schade, was f\u00fcr eine vergebene Chance.<\/p>\n\n\n\n<p>Ich w\u00fcrde mir Visionen w\u00fcnschen, wie ein Wieder-Hochfahren und dabei ein teilweises Neugestalten der Wirtschaft der Umwelt, dem Klima und den Menschen n\u00fctzen k\u00f6nnte. jetzt, genau jetzt w\u00e4re die Zeit f\u00fcr kreative und mutige Ideen. Wenn wir die Welt so pl\u00f6tzlich und so massiv ver\u00e4ndern, dann lasst uns doch alles dran setzen, dass sie sich zum Besseren ver\u00e4ndert und uns allen eine lebenswerte Zukunft auf diesem Planeten erm\u00f6glicht! Die oben bereits erw\u00e4hnte Initiative <a rel=\"noreferrer noopener\" href=\"https:\/\/www.germanzero.de\/\" target=\"_blank\">GermanZero<\/a> hat dazu \u00fcbrigens richtig gute Ideen! <\/p>\n\n\n\n<p>*Fu\u00dfnote: \u00fcberall, wo hier von &#8222;Corona&#8220; oder &#8222;dem Corona-Virus&#8220; die Rede ist, ist COVID-19 gemeint. <\/p>\n","protected":false},"excerpt":{"rendered":"<p>Original aus dem Mai 2020 &#8211; wegen nach wie vor bestehender Relevanz jetzt noch ver\u00f6ffentlicht. Jaaaaaa, Corona. Das ist sicherlich aktuell das beherrschende Thema in der \u00f6ffentlichen Diskussion. Noch vor 2 Monaten, h\u00e4tte ich mir nicht vorstellen k\u00f6nnen, wie radikal sich unser aller Leben in so kurzer Zeit ver\u00e4ndert w\u00fcrde&#8230;. <a class=\"continue-reading-link\" href=\"https:\/\/www.alltagsdschungel.de\/?p=1019\"> Continue reading <span class=\"meta-nav\">&rarr; <\/span><\/a><\/p>\n","protected":false},"author":1,"featured_media":1021,"comment_status":"open","ping_status":"open","sticky":false,"template":"","format":"standard","meta":{"ngg_post_thumbnail":0,"footnotes":""},"categories":[1,183],"tags":[189,187,185,71],"class_list":["post-1019","post","type-post","status-publish","format-standard","has-post-thumbnail","hentry","category-allgemein","category-politik","tag-corona","tag-klima","tag-klimawandel","tag-politik"],"_links":{"self":[{"href":"https:\/\/www.alltagsdschungel.de\/index.php?rest_route=\/wp\/v2\/posts\/1019","targetHints":{"allow":["GET"]}}],"collection":[{"href":"https:\/\/www.alltagsdschungel.de\/index.php?rest_route=\/wp\/v2\/posts"}],"about":[{"href":"https:\/\/www.alltagsdschungel.de\/index.php?rest_route=\/wp\/v2\/types\/post"}],"author":[{"embeddable":true,"href":"https:\/\/www.alltagsdschungel.de\/index.php?rest_route=\/wp\/v2\/users\/1"}],"replies":[{"embeddable":true,"href":"https:\/\/www.alltagsdschungel.de\/index.php?rest_route=%2Fwp%2Fv2%2Fcomments&post=1019"}],"version-history":[{"count":3,"href":"https:\/\/www.alltagsdschungel.de\/index.php?rest_route=\/wp\/v2\/posts\/1019\/revisions"}],"predecessor-version":[{"id":1025,"href":"https:\/\/www.alltagsdschungel.de\/index.php?rest_route=\/wp\/v2\/posts\/1019\/revisions\/1025"}],"wp:featuredmedia":[{"embeddable":true,"href":"https:\/\/www.alltagsdschungel.de\/index.php?rest_route=\/wp\/v2\/media\/1021"}],"wp:attachment":[{"href":"https:\/\/www.alltagsdschungel.de\/index.php?rest_route=%2Fwp%2Fv2%2Fmedia&parent=1019"}],"wp:term":[{"taxonomy":"category","embeddable":true,"href":"https:\/\/www.alltagsdschungel.de\/index.php?rest_route=%2Fwp%2Fv2%2Fcategories&post=1019"},{"taxonomy":"post_tag","embeddable":true,"href":"https:\/\/www.alltagsdschungel.de\/index.php?rest_route=%2Fwp%2Fv2%2Ftags&post=1019"}],"curies":[{"name":"wp","href":"https:\/\/api.w.org\/{rel}","templated":true}]}}